{"id":10906,"date":"2024-12-08T20:09:52","date_gmt":"2024-12-08T19:09:52","guid":{"rendered":"https:\/\/www.coasign.fr\/?p=10906"},"modified":"2025-01-18T21:54:40","modified_gmt":"2025-01-18T20:54:40","slug":"entrainement-bois-de-claye-dimanche-8-decembre-matin","status":"publish","type":"post","link":"https:\/\/www.coasign.fr\/?p=10906","title":{"rendered":"Entrainement Bois de Claye (77)"},"content":{"rendered":"\n<p>Pr\u00e9par\u00e9 par C\u00e9line. Carto affin\u00e9e le 1er d\u00e9cembre<\/p>\n\n\n\n<p>RDV \u00e0 10h \/10h15 au Centre commercial des Sentiers \u00e0 <strong>Claye-Souilly<\/strong><\/p>\n\n\n\n<p>Th\u00e8me bas\u00e9 sur la m\u00e9morisation d&rsquo;itin\u00e9raire<\/p>\n\n\n\n<p><a href=\"https:\/\/macarte.ign.fr\/carte\/AOuL8Y\/claye-souilly\">Plan de situation<\/a>.<\/p>\n\n\n\n<p>Acc\u00e8s en transport en commun : <a href=\"https:\/\/www.transilien.com\/fr\/itinerary\/search\/detail\/0?departure=Les+Halles+%28Paris%29&amp;departureId=stop_area%3AIDFM%3A73794&amp;arrival=Centre+Commercial+%28Claye-Souilly%29&amp;arrivalId=stop_area%3AIDFM%3A68854&amp;dateType=ARRIVAL&amp;date=2024-12-08&amp;time=10%3A15\">https:\/\/www.transilien.com\/fr\/itinerary\/search\/detail\/0?departure=Les+Halles+%28Paris%29&amp;departureId=stop_area%3AIDFM%3A73794&amp;arrival=Centre+Commercial+%28Claye-Souilly%29&amp;arrivalId=stop_area%3AIDFM%3A68854&amp;dateType=ARRIVAL&amp;date=2024-12-08&amp;time=10%3A15<\/a><\/p>\n\n\n\n<p>Inscription ici avant Jeudi 23h59 : <a href=\"https:\/\/framadate.org\/rdSBpsUx47l49nCM\">https:\/\/framadate.org\/rdSBpsUx47l49nCM<\/a><\/p>\n\n\n\n<p><\/p>\n","protected":false},"excerpt":{"rendered":"<p>Pr\u00e9par\u00e9 par C\u00e9line. Carto affin\u00e9e le 1er d\u00e9cembre RDV \u00e0 10h \/10h15 au Centre commercial des Sentiers \u00e0 Claye-Souilly Th\u00e8me bas\u00e9 sur la m\u00e9morisation d&rsquo;itin\u00e9raire Plan de situation. Acc\u00e8s en transport en commun : https:\/\/www.transilien.com\/fr\/itinerary\/search\/detail\/0?departure=Les+Halles+%28Paris%29&amp;departureId=stop_area%3AIDFM%3A73794&amp;arrival=Centre+Commercial+%28Claye-Souilly%29&amp;arrivalId=stop_area%3AIDFM%3A68854&amp;dateType=ARRIVAL&amp;date=2024-12-08&amp;time=10%3A15 Inscription ici avant Jeudi 23h59 : https:\/\/framadate.org\/rdSBpsUx47l49nCM<\/p>\n","protected":false},"author":5,"featured_media":0,"comment_status":"open","ping_status":"open","sticky":false,"template":"","format":"standard","meta":{"footnotes":""},"categories":[7],"tags":[],"class_list":["post-10906","post","type-post","status-publish","format-standard","hentry","category-entrainement","has-post-title","has-post-date","has-post-category","has-post-tag","has-post-comment","has-post-author",""],"_links":{"self":[{"href":"https:\/\/www.coasign.fr\/index.php?rest_route=\/wp\/v2\/posts\/10906","targetHints":{"allow":["GET"]}}],"collection":[{"href":"https:\/\/www.coasign.fr\/index.php?rest_route=\/wp\/v2\/posts"}],"about":[{"href":"https:\/\/www.coasign.fr\/index.php?rest_route=\/wp\/v2\/types\/post"}],"author":[{"embeddable":true,"href":"https:\/\/www.coasign.fr\/index.php?rest_route=\/wp\/v2\/users\/5"}],"replies":[{"embeddable":true,"href":"https:\/\/www.coasign.fr\/index.php?rest_route=%2Fwp%2Fv2%2Fcomments&post=10906"}],"version-history":[{"count":10,"href":"https:\/\/www.coasign.fr\/index.php?rest_route=\/wp\/v2\/posts\/10906\/revisions"}],"predecessor-version":[{"id":11023,"href":"https:\/\/www.coasign.fr\/index.php?rest_route=\/wp\/v2\/posts\/10906\/revisions\/11023"}],"wp:attachment":[{"href":"https:\/\/www.coasign.fr\/index.php?rest_route=%2Fwp%2Fv2%2Fmedia&parent=10906"}],"wp:term":[{"taxonomy":"category","embeddable":true,"href":"https:\/\/www.coasign.fr\/index.php?rest_route=%2Fwp%2Fv2%2Fcategories&post=10906"},{"taxonomy":"post_tag","embeddable":true,"href":"https:\/\/www.coasign.fr\/index.php?rest_route=%2Fwp%2Fv2%2Ftags&post=10906"}],"curies":[{"name":"wp","href":"https:\/\/api.w.org\/{rel}","templated":true}]}}