{"id":10986,"date":"2025-01-26T07:26:55","date_gmt":"2025-01-26T06:26:55","guid":{"rendered":"https:\/\/www.coasign.fr\/?p=10986"},"modified":"2025-01-12T07:43:36","modified_gmt":"2025-01-12T06:43:36","slug":"departementales-a-pied-et-a-vtt-a-fontainebleau-77","status":"publish","type":"post","link":"https:\/\/www.coasign.fr\/?p=10986","title":{"rendered":"D\u00e9partementales \u00e0 pied et \u00e0 VTT \u00e0 Fontainebleau (77)"},"content":{"rendered":"\n<p>Le 26 janvier 2025<\/p>\n\n\n\n<p>La SAEPDOF organise \u00e0 Fontainebleau 2 courses d\u00e9partementales, l&rsquo;une \u00e0 pied et l&rsquo;autre \u00e0 VTT.<\/p>\n\n\n\n<p>Toutes les infos seront <strong><a href=\"http:\/\/www.samois.coursedorientation.fr\" data-type=\"link\" data-id=\"http:\/\/www.samois.coursedorientation.fr\" target=\"_blank\" rel=\"noreferrer noopener\"><span class=\"has-inline-color has-vivid-green-cyan-color\">sur le site de l&rsquo;organisateur<\/span><\/a><\/strong>.<\/p>\n\n\n\n<p>Les inscriptions ne sont pas prises en charge par le club mais se font via le site de la FFCO.<\/p>\n\n\n\n<p><strong><mark style=\"background-color:rgba(0, 0, 0, 0)\" class=\"has-inline-color has-vivid-green-cyan-color\"><a href=\"https:\/\/www.coasign.fr\/?nf_public_link=42l6it\" data-type=\"link\" data-id=\"https:\/\/www.coasign.fr\/?nf_public_link=42l6it\" target=\"_blank\" rel=\"noreferrer noopener\">Formulaire de pr\u00e9-inscription ici<\/a><\/mark><\/strong> avant le 17\/01\/2025.<\/p>\n\n\n\n<p><a href=\"https:\/\/www.coasign.fr\/?page_id=9720\" data-type=\"link\" data-id=\"https:\/\/www.coasign.fr\/?page_id=9720\" target=\"_blank\" rel=\"noreferrer noopener\"><strong><mark style=\"background-color:rgba(0, 0, 0, 0)\" class=\"has-inline-color has-vivid-red-color\">R\u00e9ponses au formulaire ici<\/mark><\/strong><\/a>.<\/p>\n\n\n\n<p>N\u2019h\u00e9sitez pas \u00e0 dire d\u00e8s \u00e0 pr\u00e9sent dans les commentaires si vous pensez participer.<\/p>\n","protected":false},"excerpt":{"rendered":"<p>Le 26 janvier 2025 La SAEPDOF organise \u00e0 Fontainebleau 2 courses d\u00e9partementales, l&rsquo;une \u00e0 pied et l&rsquo;autre \u00e0 VTT. Toutes les infos seront sur le site de l&rsquo;organisateur. Les inscriptions ne sont pas prises en charge par le club mais se font via le site de la FFCO. Formulaire de pr\u00e9-inscription ici avant le 17\/01\/2025. [&hellip;]<\/p>\n","protected":false},"author":16,"featured_media":0,"comment_status":"open","ping_status":"open","sticky":false,"template":"","format":"standard","meta":{"footnotes":""},"categories":[3],"tags":[],"class_list":["post-10986","post","type-post","status-publish","format-standard","hentry","category-calendrier","has-post-title","has-post-date","has-post-category","has-post-tag","has-post-comment","has-post-author",""],"_links":{"self":[{"href":"https:\/\/www.coasign.fr\/index.php?rest_route=\/wp\/v2\/posts\/10986","targetHints":{"allow":["GET"]}}],"collection":[{"href":"https:\/\/www.coasign.fr\/index.php?rest_route=\/wp\/v2\/posts"}],"about":[{"href":"https:\/\/www.coasign.fr\/index.php?rest_route=\/wp\/v2\/types\/post"}],"author":[{"embeddable":true,"href":"https:\/\/www.coasign.fr\/index.php?rest_route=\/wp\/v2\/users\/16"}],"replies":[{"embeddable":true,"href":"https:\/\/www.coasign.fr\/index.php?rest_route=%2Fwp%2Fv2%2Fcomments&post=10986"}],"version-history":[{"count":2,"href":"https:\/\/www.coasign.fr\/index.php?rest_route=\/wp\/v2\/posts\/10986\/revisions"}],"predecessor-version":[{"id":10991,"href":"https:\/\/www.coasign.fr\/index.php?rest_route=\/wp\/v2\/posts\/10986\/revisions\/10991"}],"wp:attachment":[{"href":"https:\/\/www.coasign.fr\/index.php?rest_route=%2Fwp%2Fv2%2Fmedia&parent=10986"}],"wp:term":[{"taxonomy":"category","embeddable":true,"href":"https:\/\/www.coasign.fr\/index.php?rest_route=%2Fwp%2Fv2%2Fcategories&post=10986"},{"taxonomy":"post_tag","embeddable":true,"href":"https:\/\/www.coasign.fr\/index.php?rest_route=%2Fwp%2Fv2%2Ftags&post=10986"}],"curies":[{"name":"wp","href":"https:\/\/api.w.org\/{rel}","templated":true}]}}