{"id":8521,"date":"2023-09-17T07:50:00","date_gmt":"2023-09-17T06:50:00","guid":{"rendered":"http:\/\/www.coasign.fr\/?p=8521"},"modified":"2023-09-20T07:25:46","modified_gmt":"2023-09-20T06:25:46","slug":"brio-tour-16-17-septembre-2023","status":"publish","type":"post","link":"https:\/\/www.coasign.fr\/?p=8521","title":{"rendered":"Bri&rsquo;O Tour 2023, entre La Fert\u00e9-Gaucher et Provins (77)"},"content":{"rendered":"\n<figure class=\"wp-block-image size-large\"><img decoding=\"async\" src=\"https:\/\/www.coasign.fr\/wp-content\/uploads\/2023\/04\/affiche-PROVINS-LA-FERTE4.jpg\" alt=\"\"\/><\/figure>\n\n\n\n<p>16 et 17 septembre 2023<\/p>\n\n\n\n<p>L&rsquo;AS IGN Vous invite \u00e0 <strong>un week-end d&rsquo;orientation dans le Sud-Est Francilien<\/strong> entre La Fert\u00e9-Gaucher et Provins.<\/p>\n\n\n\n<p>Venez braver 3 types de labyrinthes ; v\u00e9g\u00e9tal, urbain et \u00e9ph\u00e9m\u00e8re.<\/p>\n\n\n\n<ul class=\"wp-block-list\" id=\"block-dcbd3143-0c46-46c8-bc0e-d8803582b49c\"><li><strong>16 Septembre<\/strong>&nbsp;: D\u00e9partementale Sprint, <strong>La Fert\u00e9-Gaucher.<\/strong> Course au CN et au challenge r\u00e9gional des courses urbaines.<\/li><\/ul>\n\n\n\n<ul class=\"wp-block-list\" id=\"block-dcbd3143-0c46-46c8-bc0e-d8803582b49c\"><li><strong>16 Septembre<\/strong>&nbsp;: Mini-Sprint, <strong>Labyma\u00efs de la Brie<\/strong><\/li><\/ul>\n\n\n\n<ul class=\"wp-block-list\"><li><strong>17 Septembre<\/strong>&nbsp;: Longue distance Urbaine, <strong>Cit\u00e9 M\u00e9di\u00e9vale de Provins<\/strong>. Course au challenge r\u00e9gional des courses urbaines.<\/li><\/ul>\n\n\n<p>&#8230;<\/p>\n<h5><span style=\"color: #ff0000;\">Merci pour votre participation \u00e0 notre organisation, place aux r\u00e9sultats et photos.<\/span><\/h5>\n<p>&#8230;<\/p>\n<h5>R\u00e9sultats provisoires<\/h5>\n<p><a href=\"https:\/\/www.coasign.fr\/wp-content\/uploads\/2023\/09\/resultats_laFerte_circuits_provisoire.pdf\" target=\"_blank\" rel=\"noreferrer noopener\"><strong>du Sprint<\/strong><\/a><\/p>\n<p><a href=\"https:\/\/www.coasign.fr\/wp-content\/uploads\/2023\/09\/resultat_labymais_circuit_provisoire.pdf\" target=\"_blank\" rel=\"noreferrer noopener\"><strong>du Labymais<\/strong><\/a><\/p>\n<p><a href=\"https:\/\/www.coasign.fr\/wp-content\/uploads\/2023\/09\/resultats_LD_Provins_circuit.pdf\" target=\"_blank\" rel=\"noreferrer noopener\"><strong>de Provins<\/strong><\/a><\/p>\n<h5>Temps interm\u00e9diaires<\/h5>\n<p><a href=\"https:\/\/www.coasign.fr\/wp-content\/uploads\/2023\/09\/resultats_laFerte_circuits-SI_provisoire.pdf\" target=\"_blank\" rel=\"noreferrer noopener\"><strong>du Sprint<\/strong><\/a><\/p>\n<p><a href=\"https:\/\/www.coasign.fr\/wp-content\/uploads\/2023\/09\/resultat_labymais_circuit_SI_provisoire.pdf\" target=\"_blank\" rel=\"noopener\"><strong>du Labyma\u00efs<\/strong><\/a><\/p>\n<p><a href=\"https:\/\/www.coasign.fr\/wp-content\/uploads\/2023\/09\/resultats_LD_Provins_SI_circuit.pdf\" target=\"_blank\" rel=\"noreferrer noopener\"><strong>de Provins<\/strong><\/a><\/p>\n<h5>Classement du BRI&rsquo;O TOUR par cat\u00e9gories<\/h5>\n<p><a href=\"https:\/\/www.coasign.fr\/wp-content\/uploads\/2023\/09\/Classement_Du_BRIOTOUR_2023_Par_Categorie.pdf\" target=\"_blank\" rel=\"noreferrer noopener\"><strong>Classement BRI&rsquo;O TOUR 2023<\/strong><\/a><\/p>\n<h5>Photos<\/h5>\n<p><a href=\"https:\/\/photos.app.goo.gl\/5H28DyFmg4Mg8YrK9\"><strong>La Fert\u00e9-Gaucher Photos Louise Grall<\/strong><\/a><br \/><a href=\"https:\/\/photos.app.goo.gl\/rjWut518fjx3ReXY7\" target=\"_blank\" rel=\"noreferrer noopener\"><strong>La Fert\u00e9-Gaucher Photos Fabien Gruselle<\/strong><\/a><\/p>\n<p><a href=\"https:\/\/photos.app.goo.gl\/9oEeLmNA2hcnn9nH7\" target=\"_blank\" rel=\"noreferrer noopener\"><strong>LabyMa\u00efs Photos Benoit Sol<\/strong><\/a><\/p>\n<p><a href=\"https:\/\/photos.app.goo.gl\/qwem2AA4srqSqSfz8\" target=\"_blank\" rel=\"noreferrer noopener\"><strong>Provins Photos Caroline Boulais<\/strong><\/a><br \/><a href=\"https:\/\/photos.app.goo.gl\/pgYoSTXQetVeDwhZ6\" target=\"_blank\" rel=\"noreferrer noopener\"><strong>Provins Photos Benoit Sol<\/strong><\/a><br \/><a href=\"https:\/\/photos.app.goo.gl\/oGaMHWmr7fVSphZJ9\" target=\"_blank\" rel=\"noreferrer noopener\"><strong>Provins Photos Louise Grall<\/strong><\/a><br \/><a href=\"https:\/\/photos.app.goo.gl\/CHNTvasoooynSfTf6\" target=\"_blank\" rel=\"noreferrer noopener\"><strong>Provins Photos Fabien Gruselle<\/strong><\/a><br \/><a href=\"https:\/\/photos.app.goo.gl\/RRv9riS1LdvnWfiQA\" target=\"_blank\" rel=\"noreferrer noopener\"><strong>Provins Photos Nathalie Marin<\/strong><\/a><\/p>\n<p><!-- \/wp:post-content --><\/p>\n<p><!-- \/wp:column --><\/p>\n<p><!-- \/wp:columns --><\/p>\n<p><!-- wp:paragraph --><\/p>\n<p><!-- \/wp:paragraph --><\/p>","protected":false},"excerpt":{"rendered":"<p>16 et 17 septembre 2023 L&rsquo;AS IGN Vous invite \u00e0 un week-end d&rsquo;orientation dans le Sud-Est Francilien entre La Fert\u00e9-Gaucher et Provins. Venez braver 3 types de labyrinthes ; v\u00e9g\u00e9tal, urbain et \u00e9ph\u00e9m\u00e8re. 16 Septembre&nbsp;: D\u00e9partementale Sprint, La Fert\u00e9-Gaucher. Course au CN et au challenge r\u00e9gional des courses urbaines. 16 Septembre&nbsp;: Mini-Sprint, Labyma\u00efs de la [&hellip;]<\/p>\n","protected":false},"author":5,"featured_media":0,"comment_status":"open","ping_status":"open","sticky":false,"template":"","format":"standard","meta":{"footnotes":""},"categories":[3,9],"tags":[],"class_list":["post-8521","post","type-post","status-publish","format-standard","hentry","category-calendrier","category-organisation","has-post-title","has-post-date","has-post-category","has-post-tag","has-post-comment","has-post-author",""],"_links":{"self":[{"href":"https:\/\/www.coasign.fr\/index.php?rest_route=\/wp\/v2\/posts\/8521","targetHints":{"allow":["GET"]}}],"collection":[{"href":"https:\/\/www.coasign.fr\/index.php?rest_route=\/wp\/v2\/posts"}],"about":[{"href":"https:\/\/www.coasign.fr\/index.php?rest_route=\/wp\/v2\/types\/post"}],"author":[{"embeddable":true,"href":"https:\/\/www.coasign.fr\/index.php?rest_route=\/wp\/v2\/users\/5"}],"replies":[{"embeddable":true,"href":"https:\/\/www.coasign.fr\/index.php?rest_route=%2Fwp%2Fv2%2Fcomments&post=8521"}],"version-history":[{"count":153,"href":"https:\/\/www.coasign.fr\/index.php?rest_route=\/wp\/v2\/posts\/8521\/revisions"}],"predecessor-version":[{"id":9237,"href":"https:\/\/www.coasign.fr\/index.php?rest_route=\/wp\/v2\/posts\/8521\/revisions\/9237"}],"wp:attachment":[{"href":"https:\/\/www.coasign.fr\/index.php?rest_route=%2Fwp%2Fv2%2Fmedia&parent=8521"}],"wp:term":[{"taxonomy":"category","embeddable":true,"href":"https:\/\/www.coasign.fr\/index.php?rest_route=%2Fwp%2Fv2%2Fcategories&post=8521"},{"taxonomy":"post_tag","embeddable":true,"href":"https:\/\/www.coasign.fr\/index.php?rest_route=%2Fwp%2Fv2%2Ftags&post=8521"}],"curies":[{"name":"wp","href":"https:\/\/api.w.org\/{rel}","templated":true}]}}